{"id":659,"date":"2026-03-16T22:22:46","date_gmt":"2026-03-17T01:22:46","guid":{"rendered":"https:\/\/noticiasciudadanastv.cl\/?p=659"},"modified":"2026-03-16T22:22:48","modified_gmt":"2026-03-17T01:22:48","slug":"elizalde-por-golpe-en-seguridad-de-kast-las-nuevas-autoridades-lo-presentan-como-novedad","status":"publish","type":"post","link":"https:\/\/noticiasciudadanastv.cl\/?p=659","title":{"rendered":"Elizalde por \u2019golpe en seguridad\u2019 de Kast: &#8220;Las nuevas autoridades lo presentan como novedad&#8221;"},"content":{"rendered":"\n<p class=\"wp-block-paragraph\">El exministro del Interior, \u00c1lvaro Elizalde, se refiri\u00f3 al megaoperativo policial que dio a conocer este lunes el Gobierno del presidente Jos\u00e9 Antonio Kast, el cual permiti\u00f3 la detenci\u00f3n de casi 3 mil pr\u00f3fugos en 3 d\u00edas.<\/p>\n\n\n\n<p class=\"wp-block-paragraph\">A trav\u00e9s de sus redes sociales, el otrora secretario de Estado destac\u00f3 el \u00e9xito del procedimiento como \u201cuna buena noticia\u201d.<\/p>\n\n\n\n<p class=\"wp-block-paragraph\">No obstante, hizo \u00e9nfasis en que aquello&nbsp;<strong>\u201cno es algo nuevo\u201d<\/strong>.<\/p>\n\n\n\n<p class=\"wp-block-paragraph\"><strong>\u201cEn el Gobierno del Presidente Boric se realizaron regularmente varios, incluso con un mayor n\u00famero de detenidos en algunos casos\u201d<\/strong>, asegur\u00f3.<\/p>\n\n\n\n<p class=\"wp-block-paragraph\">En ese sentido, esgrimi\u00f3:&nbsp;\u201cLa diferencia es que ahora los medios los destacan y las nuevas autoridades los presentan como novedad\u201d.<\/p>\n\n\n\n<h2 class=\"wp-block-heading\">Casi 3 mil pr\u00f3fugos de la justicia tras megaoperativo<\/h2>\n\n\n\n<p class=\"wp-block-paragraph\">Cabe recordar que esta tarde la ministra de Seguridad P\u00fablica, Trinidad Steinert, inform\u00f3 los resultados de un megaoperativo en el que participaron Carabineros y la Polic\u00eda de Investigaciones (PDI), y que logr\u00f3 la captura de 2.905 pr\u00f3fugos de la justicia.<\/p>\n\n\n\n<p class=\"wp-block-paragraph\">El despliegue se llev\u00f3 a cabo por ambas polic\u00edas a lo largo del pa\u00eds, entre el 12 y el 14 de marzo.<\/p>\n\n\n\n<p class=\"wp-block-paragraph\">La cifra la dio a conocer tras participar en el Comit\u00e9 de Seguridad en Arica, el cual fue encabezado por el presidente Jos\u00e9 Antonio Kast, y al que fueron invitados el general director de Carabineros, Marcelo Araya; y el director general de la PDI, Eduardo Cerna, quienes dieron cuenta de los operativos.<\/p>\n\n\n\n<p class=\"wp-block-paragraph\">En ese contexto, la secretaria de Estado confirm\u00f3 que los procedimientos continuar\u00e1n desarroll\u00e1ndose: \u201cNo vamos a parar. Es m\u00e1s, vamos a unir a otras instituciones del Estado, para que los autores de delitos enfrenten a la justicia. Vamos a sumar a la polic\u00eda mar\u00edtima y otros actores para que esto no pare\u201d, asegur\u00f3, subrayando que se encuentran trabajando para que \u201cla seguridad vuelva a nuestro pa\u00eds\u201d.<\/p>\n\n\n\n<p class=\"wp-block-paragraph\">\u201cEs importante que los chilenos sepan que nos encontramos trabajando para que efectivamente la seguridad vuelva a nuestro pa\u00eds. Quiero agradecer especialmente al general director de Carabineros y al director general de la Polic\u00eda de Investigaciones por el esfuerzo realizado\u201d, dijo Steinert.<\/p>\n\n\n\n<p class=\"wp-block-paragraph\">Bajo esa misma l\u00ednea, y tras la difusi\u00f3n de estos resultados, el presidente Jos\u00e9 Antonio Kast hizo un llamado a las personas con asuntos pendientes ante la justicia a regularizar su situaci\u00f3n.<\/p>\n\n\n\n<h2 class=\"wp-block-heading\">Incautaci\u00f3n de m\u00e1s de una tonelada de drogas tras megaoperativo<\/h2>\n\n\n\n<p class=\"wp-block-paragraph\">Asimismo, las autoridades detallaron que, del total de los 2.905 detenidos en las diligencias, 2.411 corresponden a hombres y 494 a mujeres.<\/p>\n\n\n\n<p class=\"wp-block-paragraph\">Entre ellas, 8 personas fueron capturadas por homicidio, 174 por robos violentos por intimidaci\u00f3n y 66 por delitos sexuales, entre otros ilicitos.<\/p>\n\n\n\n<p class=\"wp-block-paragraph\">Sumado a estas detenciones, se constat\u00f3 la incautaci\u00f3n de m\u00e1s de una tonelada de droga, junto con armas de fuego y veh\u00edculos.<\/p>\n","protected":false},"excerpt":{"rendered":"<p>El exministro del Interior, \u00c1lvaro Elizalde, se refiri\u00f3 al megaoperativo policial que dio a conocer este lunes el Gobierno del presidente Jos\u00e9 Antonio Kast, el cual permiti\u00f3 la detenci\u00f3n de&hellip; <\/p>\n","protected":false},"author":1,"featured_media":660,"comment_status":"open","ping_status":"open","sticky":false,"template":"","format":"standard","meta":{"om_disable_all_campaigns":false,"footnotes":""},"categories":[15],"tags":[],"class_list":["post-659","post","type-post","status-publish","format-standard","has-post-thumbnail","hentry","category-politica"],"_links":{"self":[{"href":"https:\/\/noticiasciudadanastv.cl\/index.php?rest_route=\/wp\/v2\/posts\/659","targetHints":{"allow":["GET"]}}],"collection":[{"href":"https:\/\/noticiasciudadanastv.cl\/index.php?rest_route=\/wp\/v2\/posts"}],"about":[{"href":"https:\/\/noticiasciudadanastv.cl\/index.php?rest_route=\/wp\/v2\/types\/post"}],"author":[{"embeddable":true,"href":"https:\/\/noticiasciudadanastv.cl\/index.php?rest_route=\/wp\/v2\/users\/1"}],"replies":[{"embeddable":true,"href":"https:\/\/noticiasciudadanastv.cl\/index.php?rest_route=%2Fwp%2Fv2%2Fcomments&post=659"}],"version-history":[{"count":1,"href":"https:\/\/noticiasciudadanastv.cl\/index.php?rest_route=\/wp\/v2\/posts\/659\/revisions"}],"predecessor-version":[{"id":661,"href":"https:\/\/noticiasciudadanastv.cl\/index.php?rest_route=\/wp\/v2\/posts\/659\/revisions\/661"}],"wp:featuredmedia":[{"embeddable":true,"href":"https:\/\/noticiasciudadanastv.cl\/index.php?rest_route=\/wp\/v2\/media\/660"}],"wp:attachment":[{"href":"https:\/\/noticiasciudadanastv.cl\/index.php?rest_route=%2Fwp%2Fv2%2Fmedia&parent=659"}],"wp:term":[{"taxonomy":"category","embeddable":true,"href":"https:\/\/noticiasciudadanastv.cl\/index.php?rest_route=%2Fwp%2Fv2%2Fcategories&post=659"},{"taxonomy":"post_tag","embeddable":true,"href":"https:\/\/noticiasciudadanastv.cl\/index.php?rest_route=%2Fwp%2Fv2%2Ftags&post=659"}],"curies":[{"name":"wp","href":"https:\/\/api.w.org\/{rel}","templated":true}]}}