{"id":663,"date":"2026-03-16T22:25:21","date_gmt":"2026-03-17T01:25:21","guid":{"rendered":"https:\/\/noticiasciudadanastv.cl\/?p=663"},"modified":"2026-03-16T22:25:23","modified_gmt":"2026-03-17T01:25:23","slug":"donald-trump-creo-que-tendre-el-honor-de-tomar-cuba","status":"publish","type":"post","link":"https:\/\/noticiasciudadanastv.cl\/?p=663","title":{"rendered":"Donald Trump: &#8220;Creo que tendr\u00e9 el honor de tomar Cuba&#8221;"},"content":{"rendered":"\n<p class=\"wp-block-paragraph\">En una breve conferencia desde la Casa Blanca,<strong>&nbsp;Donald Trump<\/strong>&nbsp;se refiri\u00f3 a las negociaciones que su pa\u00eds lleva adelante con el r\u00e9gimen de Cuba.<\/p>\n\n\n\n<p class=\"wp-block-paragraph\">En su estilo, el presidente de Estados Unidos sostuvo:&nbsp;<strong>\u201cCreo que tendr\u00e9 el honor de tomar Cuba. Ser\u00eda genial. Es un gran honor\u201d<\/strong><\/p>\n\n\n\n<p class=\"wp-block-paragraph\">\u201cTomar Cuba, de alguna forma.&nbsp;<strong>Tomar Cuba, para liberarla, tenerla, podemos hacer lo que queramos, si es que quieres saber la realidad\u201d,<\/strong>&nbsp;a\u00f1adi\u00f3.<\/p>\n\n\n\n<p class=\"wp-block-paragraph\">El pasado domingo, Trump hab\u00eda asegurado que Cuba se hab\u00eda mostrado abierta a llegar a un trato.<\/p>\n\n\n\n<p class=\"wp-block-paragraph\">\u201cCuba tambi\u00e9n quiere llegar a un acuerdo, y&nbsp;<strong>creo que muy pronto lo lograremos o haremos lo que sea necesario\u201d,<\/strong>&nbsp;indic\u00f3 a bordo del Air Force One.<\/p>\n\n\n\n<p class=\"wp-block-paragraph\">\u201cEstamos hablando con Cuba, pero primero nos ocuparemos de Ir\u00e1n\u201d, agreg\u00f3, seg\u00fan recogi\u00f3 la agencia Reuters.<\/p>\n\n\n\n<p class=\"wp-block-paragraph\">Recordar que el propio Partido Comunista de Cuba hab\u00eda indicado el viernes que representantes del Gobierno de la isla \u201chan sostenido recientemente conversaciones con representantes del Gobierno de los Estados Unidos\u201d.<\/p>\n\n\n\n<p class=\"wp-block-paragraph\">\u201cDirigidos por el General de Ej\u00e9rcito Ra\u00fal Castro Ruz como l\u00edder de la Revoluci\u00f3n y por el Primer Secretario del Comit\u00e9 Central del Partido Comunista y Presidente de la Rep\u00fablica, Miguel D\u00edaz-Canel Berm\u00fadez -y en acci\u00f3n colegiada con las m\u00e1ximas estructuras del Partido, del Estado, y del Gobierno-, funcionarios cubanos han sostenido recientemente conversaciones con representantes del Gobierno de los Estados Unidos\u201d, se\u00f1al\u00f3 el comunicado.<\/p>\n\n\n\n<p class=\"wp-block-paragraph\">Por otro lado, en un mensaje grabado, Miguel D\u00edaz-Canel explic\u00f3 por su parte que \u201cCuba ha sostenido conversaciones con representantes del Gobierno de Estados Unidos orientadas a buscar soluciones por la v\u00eda del di\u00e1logo a las diferencias entre ambos Gobiernos\u201d.<\/p>\n","protected":false},"excerpt":{"rendered":"<p>En una breve conferencia desde la Casa Blanca,&nbsp;Donald Trump&nbsp;se refiri\u00f3 a las negociaciones que su pa\u00eds lleva adelante con el r\u00e9gimen de Cuba. En su estilo, el presidente de Estados&hellip; <\/p>\n","protected":false},"author":1,"featured_media":664,"comment_status":"open","ping_status":"open","sticky":false,"template":"","format":"standard","meta":{"om_disable_all_campaigns":false,"footnotes":""},"categories":[17],"tags":[],"class_list":["post-663","post","type-post","status-publish","format-standard","has-post-thumbnail","hentry","category-internacional"],"_links":{"self":[{"href":"https:\/\/noticiasciudadanastv.cl\/index.php?rest_route=\/wp\/v2\/posts\/663","targetHints":{"allow":["GET"]}}],"collection":[{"href":"https:\/\/noticiasciudadanastv.cl\/index.php?rest_route=\/wp\/v2\/posts"}],"about":[{"href":"https:\/\/noticiasciudadanastv.cl\/index.php?rest_route=\/wp\/v2\/types\/post"}],"author":[{"embeddable":true,"href":"https:\/\/noticiasciudadanastv.cl\/index.php?rest_route=\/wp\/v2\/users\/1"}],"replies":[{"embeddable":true,"href":"https:\/\/noticiasciudadanastv.cl\/index.php?rest_route=%2Fwp%2Fv2%2Fcomments&post=663"}],"version-history":[{"count":1,"href":"https:\/\/noticiasciudadanastv.cl\/index.php?rest_route=\/wp\/v2\/posts\/663\/revisions"}],"predecessor-version":[{"id":665,"href":"https:\/\/noticiasciudadanastv.cl\/index.php?rest_route=\/wp\/v2\/posts\/663\/revisions\/665"}],"wp:featuredmedia":[{"embeddable":true,"href":"https:\/\/noticiasciudadanastv.cl\/index.php?rest_route=\/wp\/v2\/media\/664"}],"wp:attachment":[{"href":"https:\/\/noticiasciudadanastv.cl\/index.php?rest_route=%2Fwp%2Fv2%2Fmedia&parent=663"}],"wp:term":[{"taxonomy":"category","embeddable":true,"href":"https:\/\/noticiasciudadanastv.cl\/index.php?rest_route=%2Fwp%2Fv2%2Fcategories&post=663"},{"taxonomy":"post_tag","embeddable":true,"href":"https:\/\/noticiasciudadanastv.cl\/index.php?rest_route=%2Fwp%2Fv2%2Ftags&post=663"}],"curies":[{"name":"wp","href":"https:\/\/api.w.org\/{rel}","templated":true}]}}