{"id":671,"date":"2026-03-16T22:33:22","date_gmt":"2026-03-17T01:33:22","guid":{"rendered":"https:\/\/noticiasciudadanastv.cl\/?p=671"},"modified":"2026-03-16T22:33:23","modified_gmt":"2026-03-17T01:33:23","slug":"carabineros-pdi-y-seguridad-municipal-realizaron-operativo-relampago-en-el-cerro-la-virgen-de-talca","status":"publish","type":"post","link":"https:\/\/noticiasciudadanastv.cl\/?p=671","title":{"rendered":"Carabineros, PDI y Seguridad Municipal realizaron operativo rel\u00e1mpago en el Cerro La Virgen de Talca"},"content":{"rendered":"\n<p class=\"wp-block-paragraph\">\u00bfQu\u00e9 ocurri\u00f3?<\/p>\n\n\n\n<p class=\"wp-block-paragraph\">Un intenso operativo despleg\u00f3 personal de Carabineros, PDI y de Seguridad Municipal en puntos estrat\u00e9gicos del sector centro poniente de Talca para mitigar la ocurrencia de incivilidades asociadas a las denominadas \u00abcarreras clandestinas\u00bb y al Cerro La Virgen.<\/p>\n\n\n\n<p class=\"wp-block-paragraph\">\u00bfC\u00f3mo comenz\u00f3?<\/p>\n\n\n\n<p class=\"wp-block-paragraph\">El operativo comenz\u00f3 poco antes de la medianoche en la Alameda con Circunvalaci\u00f3n Norte donde vecinos han denunciado que, cada fin de semana, se concentran choferes con veh\u00edculos que tienen modificadas algunas de sus caracter\u00edsticas mec\u00e1nicas.<\/p>\n\n\n\n<p class=\"wp-block-paragraph\">ES decir, son autos o camionetas que provocan intensos y fuertes ruidos al acelerar y, adem\u00e1s, desarrollan velocidad por sobre lo normal para una zona urbana cuyo limite es de 60 kil\u00f3metros por hora seg\u00fan la ley de tr\u00e1nsito.<\/p>\n\n\n\n<p class=\"wp-block-paragraph\">Lo m\u00e1s preocupante es que estos choferes llevan a cabo \u00abcarreras\u00bb de velocidad partiendo desde la Alameda, frente a la sede de la Universidad Aut\u00f3noma, hacia el puente sobre el r\u00edo Claro, poniendo en riesgo sus vidas y de terceras personas, adem\u00e1s de alterar la convivencia de vecinos del sector.<\/p>\n\n\n\n<p class=\"wp-block-paragraph\">\u00bfCu\u00e1l fue el contexto?<\/p>\n\n\n\n<p class=\"wp-block-paragraph\">Se trat\u00f3 de un operativo conjunto de ambas polic\u00edas y de seguridad municipal en puntos de alto riesgo y ocurrencia de incivilidades y, con ello, otorgar seguridad a los vecinos, automovilistas y peatones uqe ocupan las calles y veredas.<\/p>\n\n\n\n<p class=\"wp-block-paragraph\">\u00bfQu\u00e9 ocurri\u00f3 despu\u00e9s?<\/p>\n\n\n\n<p class=\"wp-block-paragraph\">Tras la fiscalizaci\u00f3n en la Alameda, el operativo policial se traslad\u00f3 al acceso principal de la cumbre del Cerro La Virgen, un punto donde existen numerosas denuncias y reclamos de vecinos por incivilidades y delitos violentos asociados a la presencia de automovilistas y, con ello, el consumo descontrolado de alcohol y drogas.<\/p>\n\n\n\n<p class=\"wp-block-paragraph\">\u00bfCu\u00e1l fue el \u00faltimo caso delictual?<\/p>\n\n\n\n<p class=\"wp-block-paragraph\">Hace una semana se denunci\u00f3 en este lugar un robo con intimidaci\u00f3n de un veh\u00edculo que afecto a una pareja que se manten\u00eda a bordo del m\u00f3vil en este sector, donde uno de sus ocupantes fue objeto de impactos bal\u00edsticos tras oponerse al grave delto.<\/p>\n\n\n\n<p class=\"wp-block-paragraph\">\u00bfCu\u00e1l fue el impacto p\u00fablico?<\/p>\n\n\n\n<p class=\"wp-block-paragraph\">Tras ello, en el Concejo Municipal de Talca, se exigi\u00f3 reactivar, votar y aprobar prontamente una ordenanza municipal que regular\u00e1 el acceso a la cumbre del cerro y contempla medidas de protecci\u00f3n a favor del bosque municipal ubicado en las cercan\u00edas.<\/p>\n\n\n\n<p class=\"wp-block-paragraph\">\u00bfCu\u00e1l fue el resultado de los nuevos operativos?<\/p>\n\n\n\n<p class=\"wp-block-paragraph\">Seg\u00fan inform\u00f3 Radio FM M\u00e1s de Talca, medio asociado a Diario Talca, el operativo policial continu\u00f3 hasta el horario de cierre del espacio p\u00fablico en la cumbre del cerro que es a la medianoche, para dar paso a un nuevo despliegue en la Alameda con Circunvalaci\u00f3n, llevando a cabo controles de identidad y vehiculares, as\u00ed como de consumo de alcohol y drogas entre automovilistas.<\/p>\n","protected":false},"excerpt":{"rendered":"<p>\u00bfQu\u00e9 ocurri\u00f3? Un intenso operativo despleg\u00f3 personal de Carabineros, PDI y de Seguridad Municipal en puntos estrat\u00e9gicos del sector centro poniente de Talca para mitigar la ocurrencia de incivilidades asociadas&hellip; <\/p>\n","protected":false},"author":1,"featured_media":672,"comment_status":"open","ping_status":"open","sticky":false,"template":"","format":"standard","meta":{"om_disable_all_campaigns":false,"footnotes":""},"categories":[18],"tags":[],"class_list":["post-671","post","type-post","status-publish","format-standard","has-post-thumbnail","hentry","category-policial"],"_links":{"self":[{"href":"https:\/\/noticiasciudadanastv.cl\/index.php?rest_route=\/wp\/v2\/posts\/671","targetHints":{"allow":["GET"]}}],"collection":[{"href":"https:\/\/noticiasciudadanastv.cl\/index.php?rest_route=\/wp\/v2\/posts"}],"about":[{"href":"https:\/\/noticiasciudadanastv.cl\/index.php?rest_route=\/wp\/v2\/types\/post"}],"author":[{"embeddable":true,"href":"https:\/\/noticiasciudadanastv.cl\/index.php?rest_route=\/wp\/v2\/users\/1"}],"replies":[{"embeddable":true,"href":"https:\/\/noticiasciudadanastv.cl\/index.php?rest_route=%2Fwp%2Fv2%2Fcomments&post=671"}],"version-history":[{"count":1,"href":"https:\/\/noticiasciudadanastv.cl\/index.php?rest_route=\/wp\/v2\/posts\/671\/revisions"}],"predecessor-version":[{"id":673,"href":"https:\/\/noticiasciudadanastv.cl\/index.php?rest_route=\/wp\/v2\/posts\/671\/revisions\/673"}],"wp:featuredmedia":[{"embeddable":true,"href":"https:\/\/noticiasciudadanastv.cl\/index.php?rest_route=\/wp\/v2\/media\/672"}],"wp:attachment":[{"href":"https:\/\/noticiasciudadanastv.cl\/index.php?rest_route=%2Fwp%2Fv2%2Fmedia&parent=671"}],"wp:term":[{"taxonomy":"category","embeddable":true,"href":"https:\/\/noticiasciudadanastv.cl\/index.php?rest_route=%2Fwp%2Fv2%2Fcategories&post=671"},{"taxonomy":"post_tag","embeddable":true,"href":"https:\/\/noticiasciudadanastv.cl\/index.php?rest_route=%2Fwp%2Fv2%2Ftags&post=671"}],"curies":[{"name":"wp","href":"https:\/\/api.w.org\/{rel}","templated":true}]}}