{"id":674,"date":"2026-03-16T22:36:04","date_gmt":"2026-03-17T01:36:04","guid":{"rendered":"https:\/\/noticiasciudadanastv.cl\/?p=674"},"modified":"2026-03-16T22:36:10","modified_gmt":"2026-03-17T01:36:10","slug":"gobierno-inicia-plan-escudo-fronterizo-con-zanjas-y-presencia-militar-en-el-norte","status":"publish","type":"post","link":"https:\/\/noticiasciudadanastv.cl\/?p=674","title":{"rendered":"Gobierno inicia plan \u201cEscudo Fronterizo\u201d con zanjas y presencia militar en el norte"},"content":{"rendered":"\n<h2 class=\"wp-block-heading\" id=\"h-desde-arica-el-presidente-jose-antonio-kast-lanzo-el-plan-escudo-fronterizo-que-incorpora-zanjas-barreras-fisicas-vigilancia-tecnologica-y-despliegue-militar-para-frenar-la-migracion-irregular-y-el-crimen-organizado\">Desde Arica, el Presidente Jos\u00e9 Antonio Kast lanz\u00f3 el Plan Escudo Fronterizo, que incorpora zanjas, barreras f\u00edsicas, vigilancia tecnol\u00f3gica y despliegue militar para frenar la migraci\u00f3n irregular y el crimen organizado.<\/h2>\n\n\n\n<p class=\"wp-block-paragraph\">El&nbsp;<strong>Presidente Jos\u00e9 Antonio Kast<\/strong>&nbsp;encabez\u00f3 en la&nbsp;<strong>Regi\u00f3n de Arica y Parinacota<\/strong>&nbsp;el inicio del denominado&nbsp;<strong>\u201cPlan Escudo Fronterizo\u201d<\/strong>, una estrategia del Gobierno destinada a reforzar el control de la&nbsp;<strong>frontera norte<\/strong>&nbsp;frente al ingreso irregular de migrantes y el avance del&nbsp;<strong>crimen organizado<\/strong>.<\/p>\n\n\n\n<p class=\"wp-block-paragraph\">El lanzamiento se realiz\u00f3 en el&nbsp;<strong>Paso Fronterizo Chacalluta<\/strong>, donde el Mandatario present\u00f3 el despliegue de&nbsp;<strong>retroexcavadoras, militares y vigilancia tecnol\u00f3gica<\/strong>&nbsp;como parte de un sistema de control que contempla&nbsp;<strong>zanjas, muros, rejas electrificadas y presencia policial permanente<\/strong>. Seg\u00fan explic\u00f3 el Ejecutivo, la iniciativa busca fortalecer la seguridad en la zona lim\u00edtrofe y cerrar los pasos utilizados para el ingreso irregular al pa\u00eds.<\/p>\n\n\n\n<p class=\"wp-block-paragraph\">Durante la actividad,&nbsp;<strong>Kast<\/strong>&nbsp;destac\u00f3 el car\u00e1cter simb\u00f3lico de la maquinaria utilizada en el operativo. \u201cHace unos a\u00f1os se habl\u00f3 de retroexcavadoras para oponerse a un modelo econ\u00f3mico.&nbsp;<strong>Nosotros no queremos usar las retroexcavadoras para destruir, sino para construir un Chile soberano<\/strong>\u201d, afirm\u00f3.<\/p>\n\n\n\n<p class=\"wp-block-paragraph\">El Mandatario sostuvo que el pa\u00eds enfrenta una situaci\u00f3n compleja en la frontera norte debido al aumento de la&nbsp;<strong>inmigraci\u00f3n irregular, el narcotr\u00e1fico y el crimen organizado<\/strong>. En ese contexto, asegur\u00f3 que el plan busca cerrar la \u201cventana\u201d por donde, seg\u00fan sus cifras,&nbsp;<strong>m\u00e1s de 180 mil personas habr\u00edan ingresado de manera irregular en los \u00faltimos a\u00f1os<\/strong>.<\/p>\n\n\n\n<p class=\"wp-block-paragraph\">\u201c<strong>Hoy comenzamos a frenar esa inmigraci\u00f3n irregular que en los \u00faltimos a\u00f1os trajo a m\u00e1s de 180 mil personas a Chile que entraron por la ventana. Y esta es la ventana que estaba abierta \u2014la frontera\u2014 y la estamos cerrando<\/strong>\u201d, se\u00f1al\u00f3 el Presidente.<\/p>\n\n\n\n<h3 class=\"wp-block-heading\">Plan se extender\u00e1 por toda la macrozona norte<\/h3>\n\n\n\n<p class=\"wp-block-paragraph\">El Gobierno inform\u00f3 que el despliegue iniciado en&nbsp;<strong>Arica y Parinacota<\/strong>&nbsp;se ampliar\u00e1 progresivamente hacia las regiones de&nbsp;<strong>Tarapac\u00e1 y Antofagasta<\/strong>, con el objetivo de reforzar todo el tramo de la&nbsp;<strong>frontera norte<\/strong>&nbsp;mediante un sistema escalonado de control territorial.<\/p>\n\n\n\n<p class=\"wp-block-paragraph\">En ese contexto, el Presidente agradeci\u00f3 el trabajo de las&nbsp;<strong>Fuerzas Armadas<\/strong>&nbsp;y de las&nbsp;<strong>polic\u00edas<\/strong>, destacando la rapidez con que se concret\u00f3 el despliegue inicial en la zona.<\/p>\n\n\n\n<p class=\"wp-block-paragraph\">\u201c<strong>El principal agradecimiento es para nuestras polic\u00edas y para nuestras Fuerzas Armadas<\/strong>\u201d, afirm\u00f3, agregando que el operativo refleja \u2014seg\u00fan plante\u00f3\u2014 el respaldo de la ciudadan\u00eda a las medidas de seguridad en la frontera.<\/p>\n\n\n\n<h3 class=\"wp-block-heading\">Un sistema integral de control<\/h3>\n\n\n\n<p class=\"wp-block-paragraph\">Pese a las obras f\u00edsicas anunciadas, el propio Mandatario reconoci\u00f3 que las zanjas por s\u00ed solas no resolver\u00e1n el problema.<\/p>\n\n\n\n<p class=\"wp-block-paragraph\">\u201c<strong>La zanja sola no sirve. El crimen organizado tiene los medios para cubrirla y cruzar igual los veh\u00edculos con contrabando<\/strong>\u201d, advirti\u00f3.<\/p>\n\n\n\n<p class=\"wp-block-paragraph\">Por ello, explic\u00f3 que el&nbsp;<strong>Plan Escudo Fronterizo<\/strong>&nbsp;funcionar\u00e1 como un&nbsp;<strong>sistema integral<\/strong>, que combinar\u00e1&nbsp;<strong>infraestructura f\u00edsica, vigilancia tecnol\u00f3gica, presencia militar y coordinaci\u00f3n internacional<\/strong>&nbsp;con pa\u00edses vecinos para enfrentar el tr\u00e1fico de migrantes y otras actividades il\u00edcitas.<\/p>\n","protected":false},"excerpt":{"rendered":"<p>Desde Arica, el Presidente Jos\u00e9 Antonio Kast lanz\u00f3 el Plan Escudo Fronterizo, que incorpora zanjas, barreras f\u00edsicas, vigilancia tecnol\u00f3gica y despliegue militar para frenar la migraci\u00f3n irregular y el crimen&hellip; <\/p>\n","protected":false},"author":1,"featured_media":675,"comment_status":"open","ping_status":"open","sticky":false,"template":"","format":"standard","meta":{"om_disable_all_campaigns":false,"footnotes":""},"categories":[1],"tags":[],"class_list":["post-674","post","type-post","status-publish","format-standard","has-post-thumbnail","hentry","category-actualidad"],"_links":{"self":[{"href":"https:\/\/noticiasciudadanastv.cl\/index.php?rest_route=\/wp\/v2\/posts\/674","targetHints":{"allow":["GET"]}}],"collection":[{"href":"https:\/\/noticiasciudadanastv.cl\/index.php?rest_route=\/wp\/v2\/posts"}],"about":[{"href":"https:\/\/noticiasciudadanastv.cl\/index.php?rest_route=\/wp\/v2\/types\/post"}],"author":[{"embeddable":true,"href":"https:\/\/noticiasciudadanastv.cl\/index.php?rest_route=\/wp\/v2\/users\/1"}],"replies":[{"embeddable":true,"href":"https:\/\/noticiasciudadanastv.cl\/index.php?rest_route=%2Fwp%2Fv2%2Fcomments&post=674"}],"version-history":[{"count":1,"href":"https:\/\/noticiasciudadanastv.cl\/index.php?rest_route=\/wp\/v2\/posts\/674\/revisions"}],"predecessor-version":[{"id":676,"href":"https:\/\/noticiasciudadanastv.cl\/index.php?rest_route=\/wp\/v2\/posts\/674\/revisions\/676"}],"wp:featuredmedia":[{"embeddable":true,"href":"https:\/\/noticiasciudadanastv.cl\/index.php?rest_route=\/wp\/v2\/media\/675"}],"wp:attachment":[{"href":"https:\/\/noticiasciudadanastv.cl\/index.php?rest_route=%2Fwp%2Fv2%2Fmedia&parent=674"}],"wp:term":[{"taxonomy":"category","embeddable":true,"href":"https:\/\/noticiasciudadanastv.cl\/index.php?rest_route=%2Fwp%2Fv2%2Fcategories&post=674"},{"taxonomy":"post_tag","embeddable":true,"href":"https:\/\/noticiasciudadanastv.cl\/index.php?rest_route=%2Fwp%2Fv2%2Ftags&post=674"}],"curies":[{"name":"wp","href":"https:\/\/api.w.org\/{rel}","templated":true}]}}