{"id":682,"date":"2026-03-16T22:43:29","date_gmt":"2026-03-17T01:43:29","guid":{"rendered":"https:\/\/noticiasciudadanastv.cl\/?p=682"},"modified":"2026-03-16T22:43:31","modified_gmt":"2026-03-17T01:43:31","slug":"diputado-guzman-tilda-de-ridiculo-oficio-presentado-por-manouchehri-tras-almuerzo-de-primera-dama-en-la-moneda","status":"publish","type":"post","link":"https:\/\/noticiasciudadanastv.cl\/?p=682","title":{"rendered":"Diputado Guzm\u00e1n tilda de \u201crid\u00edculo\u201d oficio presentado por Manouchehri tras almuerzo de primera dama en La Moneda"},"content":{"rendered":"\n<h2 class=\"wp-block-heading\" id=\"h-el-diputado-jorge-guzman-evo-critico-duramente-el-oficio-anunciado-por-daniel-manouchehri-ante-contraloria-por-un-almuerzo-servido-por-la-primera-dama-maria-pia-adriasola-calificandolo-de-ridiculo-y-torpe\">El diputado Jorge Guzm\u00e1n (EVO) critic\u00f3 duramente el oficio anunciado por Daniel Manouchehri ante Contralor\u00eda por un almuerzo servido por la primera dama Mar\u00eda P\u00eda Adriasola, calific\u00e1ndolo de \u201crid\u00edculo y torpe\u201d.<\/h2>\n\n\n\n<p class=\"wp-block-paragraph\">En conversaci\u00f3n con&nbsp;<strong>Diario El Centro<\/strong>, el&nbsp;<strong>diputado por la Regi\u00f3n del Maule, Jorge Guzm\u00e1n (EVO)<\/strong>, cuestion\u00f3 con dureza la decisi\u00f3n del parlamentario&nbsp;<strong>Daniel Manouchehri<\/strong>&nbsp;<strong>(PS)<\/strong>&nbsp;de enviar un oficio a la&nbsp;<strong>Contralor\u00eda General de la Rep\u00fablica<\/strong>&nbsp;y a la&nbsp;<strong>Seremi de Salud<\/strong>, tras el almuerzo que la&nbsp;<strong>primera dama, Mar\u00eda P\u00eda Adriasola<\/strong>, sirvi\u00f3 a funcionarios del&nbsp;<strong>Palacio de La Moneda<\/strong>.<\/p>\n\n\n\n<p class=\"wp-block-paragraph\">El legislador sostuvo que la acci\u00f3n anunciada por Manouchehri resulta exagerada y carece de sentido pol\u00edtico. A su juicio, el episodio no amerita una denuncia institucional ni cuestionamientos p\u00fablicos.<\/p>\n\n\n\n<p class=\"wp-block-paragraph\">\u201c<strong>Un diputado que tiene tanto que hacer y aportar, que se est\u00e9 preocupando de denunciar a la primera dama\u2026 de verdad que es absurdo<\/strong>\u201d, afirm\u00f3&nbsp;<strong>Guzm\u00e1n<\/strong>, agregando que este tipo de acciones terminan da\u00f1ando el debate pol\u00edtico.<\/p>\n\n\n\n<p class=\"wp-block-paragraph\">El parlamentario del Maule fue a\u00fan m\u00e1s cr\u00edtico al calificar la iniciativa como una muestra de obstrucci\u00f3n pol\u00edtica. \u201c<strong>Se convierte en la oposici\u00f3n que est\u00e1 disponible para obstruir de cualquier forma<\/strong>\u201d, se\u00f1al\u00f3.<\/p>\n\n\n\n<p class=\"wp-block-paragraph\">En la misma l\u00ednea, insisti\u00f3 en que la controversia solo contribuye a desprestigiar la actividad pol\u00edtica. \u201c<strong>Caer en la ridiculez, en la torpeza\u2026 lo que hace el diputado Manouchehri es ridiculizar al pa\u00eds y ridiculizarse a \u00e9l<\/strong>\u201d, afirm\u00f3.<\/p>\n\n\n\n<h2 class=\"wp-block-heading\" id=\"h-segundo-periodo-parlamentario\">Segundo periodo parlamentario<\/h2>\n\n\n\n<p class=\"wp-block-paragraph\">En paralelo,&nbsp;<strong>Jorge Guzm\u00e1n<\/strong>&nbsp;se refiri\u00f3 al inicio de su&nbsp;<strong>segundo periodo como diputado por la Regi\u00f3n del Maule<\/strong>, etapa que asegur\u00f3 enfrenta con entusiasmo y responsabilidad tras la confianza otorgada por la ciudadan\u00eda.<\/p>\n\n\n\n<p class=\"wp-block-paragraph\">\u201c<strong>Estamos llenos de entusiasmo y muy agradecidos de la confianza que nos ha entregado la ciudadan\u00eda para representar por segunda vez a nuestra regi\u00f3n<\/strong>\u201d, expres\u00f3.<\/p>\n\n\n\n<p class=\"wp-block-paragraph\">El parlamentario asegur\u00f3 que su trabajo continuar\u00e1 enfocado en mantener presencia territorial y en representar las necesidades locales en el&nbsp;<strong>Congreso Nacional<\/strong>&nbsp;y ante el&nbsp;<strong>Gobierno<\/strong>.<\/p>\n\n\n\n<p class=\"wp-block-paragraph\">\u201c<strong>Queremos convertirnos en la voz del Maule en el Congreso<\/strong>, escuchando a las personas y llevando sus necesidades a la toma de decisiones\u201d, sostuvo.<\/p>\n\n\n\n<p class=\"wp-block-paragraph\">Entre los&nbsp;<strong>ejes prioritarios de su gesti\u00f3n<\/strong>, el diputado mencion\u00f3 la&nbsp;<strong>seguridad p\u00fablica<\/strong>, el&nbsp;<strong>crecimiento econ\u00f3mico<\/strong>, el fortalecimiento de la&nbsp;<strong>salud y la educaci\u00f3n<\/strong>, adem\u00e1s de mejorar la&nbsp;<strong>conectividad vial y digital<\/strong>&nbsp;de la regi\u00f3n.<\/p>\n","protected":false},"excerpt":{"rendered":"<p>El diputado Jorge Guzm\u00e1n (EVO) critic\u00f3 duramente el oficio anunciado por Daniel Manouchehri ante Contralor\u00eda por un almuerzo servido por la primera dama Mar\u00eda P\u00eda Adriasola, calific\u00e1ndolo de \u201crid\u00edculo y&hellip; <\/p>\n","protected":false},"author":1,"featured_media":683,"comment_status":"open","ping_status":"open","sticky":false,"template":"","format":"standard","meta":{"om_disable_all_campaigns":false,"footnotes":""},"categories":[15],"tags":[],"class_list":["post-682","post","type-post","status-publish","format-standard","has-post-thumbnail","hentry","category-politica"],"_links":{"self":[{"href":"https:\/\/noticiasciudadanastv.cl\/index.php?rest_route=\/wp\/v2\/posts\/682","targetHints":{"allow":["GET"]}}],"collection":[{"href":"https:\/\/noticiasciudadanastv.cl\/index.php?rest_route=\/wp\/v2\/posts"}],"about":[{"href":"https:\/\/noticiasciudadanastv.cl\/index.php?rest_route=\/wp\/v2\/types\/post"}],"author":[{"embeddable":true,"href":"https:\/\/noticiasciudadanastv.cl\/index.php?rest_route=\/wp\/v2\/users\/1"}],"replies":[{"embeddable":true,"href":"https:\/\/noticiasciudadanastv.cl\/index.php?rest_route=%2Fwp%2Fv2%2Fcomments&post=682"}],"version-history":[{"count":1,"href":"https:\/\/noticiasciudadanastv.cl\/index.php?rest_route=\/wp\/v2\/posts\/682\/revisions"}],"predecessor-version":[{"id":684,"href":"https:\/\/noticiasciudadanastv.cl\/index.php?rest_route=\/wp\/v2\/posts\/682\/revisions\/684"}],"wp:featuredmedia":[{"embeddable":true,"href":"https:\/\/noticiasciudadanastv.cl\/index.php?rest_route=\/wp\/v2\/media\/683"}],"wp:attachment":[{"href":"https:\/\/noticiasciudadanastv.cl\/index.php?rest_route=%2Fwp%2Fv2%2Fmedia&parent=682"}],"wp:term":[{"taxonomy":"category","embeddable":true,"href":"https:\/\/noticiasciudadanastv.cl\/index.php?rest_route=%2Fwp%2Fv2%2Fcategories&post=682"},{"taxonomy":"post_tag","embeddable":true,"href":"https:\/\/noticiasciudadanastv.cl\/index.php?rest_route=%2Fwp%2Fv2%2Ftags&post=682"}],"curies":[{"name":"wp","href":"https:\/\/api.w.org\/{rel}","templated":true}]}}