{"id":685,"date":"2026-03-16T22:46:55","date_gmt":"2026-03-17T01:46:55","guid":{"rendered":"https:\/\/noticiasciudadanastv.cl\/?p=685"},"modified":"2026-03-16T22:47:23","modified_gmt":"2026-03-17T01:47:23","slug":"direcciones-del-mop-en-el-maule-monitorean-y-efectua-trabajos-por-afectaciones-tras-frente-climatico","status":"publish","type":"post","link":"https:\/\/noticiasciudadanastv.cl\/?p=685","title":{"rendered":"Direcciones del MOP en el Maule monitorean y efect\u00faa trabajos por afectaciones tras frente clim\u00e1tico"},"content":{"rendered":"\n<p class=\"wp-block-paragraph\">Equipos de las distintas Direcciones Regionales del Ministerio de Obras P\u00fablicas (MOP) en la Regi\u00f3n del Maule se desplegaron para atender afectaciones derivadas del frente clim\u00e1tico registrado desde el domingo \u00faltimo y que dej\u00f3 rodados, ca\u00edda de \u00e1rboles y cortes en rutas.<\/p>\n\n\n\n<p class=\"wp-block-paragraph\">De acuerdo al registro de la Direcci\u00f3n General de Aguas (DGA) desde las 08.00 de la tarde del domingo y hasta las 08.00 de la ma\u00f1ana de este lunes en la pre cordillera de la comuna de San Clemente, sector El Colorado, precipitaron 85,9 mil\u00edmetros (mm), en Digua de Parral 57,7 mm, en Parral ciudad 34,5 mm, Linares 30,1 mm, Curic\u00f3 29 mm y Talca 22,6 mm.<\/p>\n\n\n\n<p class=\"wp-block-paragraph\">En la parte m\u00e1s alta de la pre cordillera maulina precipitaron sobre los 100 mm en sectores como Armerillo, Vilches Alto, Potrero Grande en Curic\u00f3, El Radal de Molina y Hornillos aguas arriba del Embalse Ancoa de Linares.<\/p>\n\n\n\n<p class=\"wp-block-paragraph\">Las precipitaciones y el viento causaron da\u00f1os menores y rodados en las rutas L-45 que une Linares, Pejerrey y Los Hualles, K-40 San Rafael-Villa Prat de la provincia de Talca, M-50-K de la provincia de Cauquenes, 115 Ch de San Clemente y L-751 de Parral, puntos que fueron despejados por la Direcci\u00f3n de Vialidad al igual que la rehabilitaci\u00f3n de un baip\u00e1s en el puente Villaseca de la comuna de Retiro.<\/p>\n\n\n\n<p class=\"wp-block-paragraph\">La Direcci\u00f3n de Obras Portuarias no report\u00f3 da\u00f1os en el borde costero regional, la Direcci\u00f3n de Arquitectura destac\u00f3 el buen funcionamiento del remodelado estadio La Granja de Curic\u00f3 y la Direcci\u00f3n de Aeropuertos se\u00f1al\u00f3 que se encuentran habilitados los aer\u00f3dromos de Talca, Curic\u00f3, Linares y Cauquenes.<\/p>\n\n\n\n<p class=\"wp-block-paragraph\">Cabe informar que la balsa El Peumo suspendi\u00f3 su funcionamiento debido al aumento del caudal del r\u00edo Loncomilla entre las comunas de Villa Alegre y San Javier y por precauci\u00f3n se cerraron los pasos internacionales Pehuenche en la provincia de Talca y San Pedro Vergara de la provincia Curic\u00f3.<\/p>\n\n\n\n<p class=\"wp-block-paragraph\">Durante las pr\u00f3ximas horas se continuar\u00e1 con el monitoreo de la infraestructura p\u00fablica regional en coordinaci\u00f3n con las autoridades regionales, provinciales y comunales.<\/p>\n","protected":false},"excerpt":{"rendered":"<p>Equipos de las distintas Direcciones Regionales del Ministerio de Obras P\u00fablicas (MOP) en la Regi\u00f3n del Maule se desplegaron para atender afectaciones derivadas del frente clim\u00e1tico registrado desde el domingo&hellip; <\/p>\n","protected":false},"author":1,"featured_media":686,"comment_status":"open","ping_status":"open","sticky":false,"template":"","format":"standard","meta":{"om_disable_all_campaigns":false,"footnotes":""},"categories":[10],"tags":[],"class_list":["post-685","post","type-post","status-publish","format-standard","has-post-thumbnail","hentry","category-noticias-locales"],"_links":{"self":[{"href":"https:\/\/noticiasciudadanastv.cl\/index.php?rest_route=\/wp\/v2\/posts\/685","targetHints":{"allow":["GET"]}}],"collection":[{"href":"https:\/\/noticiasciudadanastv.cl\/index.php?rest_route=\/wp\/v2\/posts"}],"about":[{"href":"https:\/\/noticiasciudadanastv.cl\/index.php?rest_route=\/wp\/v2\/types\/post"}],"author":[{"embeddable":true,"href":"https:\/\/noticiasciudadanastv.cl\/index.php?rest_route=\/wp\/v2\/users\/1"}],"replies":[{"embeddable":true,"href":"https:\/\/noticiasciudadanastv.cl\/index.php?rest_route=%2Fwp%2Fv2%2Fcomments&post=685"}],"version-history":[{"count":1,"href":"https:\/\/noticiasciudadanastv.cl\/index.php?rest_route=\/wp\/v2\/posts\/685\/revisions"}],"predecessor-version":[{"id":687,"href":"https:\/\/noticiasciudadanastv.cl\/index.php?rest_route=\/wp\/v2\/posts\/685\/revisions\/687"}],"wp:featuredmedia":[{"embeddable":true,"href":"https:\/\/noticiasciudadanastv.cl\/index.php?rest_route=\/wp\/v2\/media\/686"}],"wp:attachment":[{"href":"https:\/\/noticiasciudadanastv.cl\/index.php?rest_route=%2Fwp%2Fv2%2Fmedia&parent=685"}],"wp:term":[{"taxonomy":"category","embeddable":true,"href":"https:\/\/noticiasciudadanastv.cl\/index.php?rest_route=%2Fwp%2Fv2%2Fcategories&post=685"},{"taxonomy":"post_tag","embeddable":true,"href":"https:\/\/noticiasciudadanastv.cl\/index.php?rest_route=%2Fwp%2Fv2%2Ftags&post=685"}],"curies":[{"name":"wp","href":"https:\/\/api.w.org\/{rel}","templated":true}]}}